{"id":13695,"date":"2025-12-05T09:00:23","date_gmt":"2025-12-05T12:00:23","guid":{"rendered":"https:\/\/nativecamp.net\/pt-br\/blog\/?p=13695"},"modified":"2025-12-03T02:46:05","modified_gmt":"2025-12-03T05:46:05","slug":"a-historia-por-tras-da-famosa-cancao-natalina-rudolph-a-rena-do-nariz-vermelho","status":"publish","type":"post","link":"https:\/\/nativecamp.net\/pt-br\/blog\/13695\/","title":{"rendered":"A hist\u00f3ria por tr\u00e1s da famosa can\u00e7\u00e3o natalina \u201cRudolph, a Rena do Nariz Vermelho\u201d"},"content":{"rendered":"<p><span style=\"font-weight: 400;\">Provavelmente todos j\u00e1 ouviram a cl\u00e1ssica can\u00e7\u00e3o de Natal\u00a0 <\/span><b>\u201cRudolph, the red-nosed reindeer\u201d, certo?<\/b><\/p>\n<p><span style=\"font-weight: 400;\">Mas voc\u00ea sabia que ela foi adaptada de uma hist\u00f3ria?<\/span><\/p>\n<p><span style=\"font-weight: 400;\">Al\u00e9m disso, ela n\u00e3o \u00e9 apenas uma can\u00e7\u00e3o festiva, h\u00e1 muito mais por tr\u00e1s dela.<\/span><\/p>\n<p><span style=\"font-weight: 400;\">Neste artigo, vamos aprofundar na origem da can\u00e7\u00e3o<span style=\"color: #ff0000; font-size: 32px;\"> <strong>\u201cRudolph, the red-nosed reindeer\u201d<\/strong>.<\/span><\/span><\/p>\n<p><span style=\"font-weight: 400;\">Essas informa\u00e7\u00f5es n\u00e3o s\u00f3 podem ser compartilhadas com as crian\u00e7as, mas tamb\u00e9m v\u00e3o te emocionar ainda mais na pr\u00f3xima vez que ouvir ou cantar essa m\u00fasica. Ent\u00e3o, vamos conhecer juntos a hist\u00f3ria do\u00a0 \u00a0<strong><span style=\"font-size: 32px; color: #ff0000;\">\u201cRena do nariz vermelho\u201d!<\/span><\/strong><\/span><\/p>\n<p>&nbsp;<\/p>\n<h2><b>Como se diz \u201cRudolph, a Rena do Nariz Vermelho\u201d em ingl\u00eas?<\/b><\/h2>\n<p>&nbsp;<\/p>\n<p><span style=\"font-weight: 400;\">O nome original em ingl\u00eas deRudolph, a Rena do Nariz Vermelho\u00e9<\/span><span style=\"font-weight: 400;\"><br \/>\n<\/span><span style=\"color: #ff0000;\"><b>\u201cRudolph the Red-Nosed Reindeer\u201d<\/b><span style=\"font-weight: 400;\">.<\/span><\/span><\/p>\n<p><span style=\"font-weight: 400;\"><span style=\"font-size: 36px;\">Rudolph<\/span> \u00e9 o nome dele.<\/span><\/p>\n<p><span style=\"font-weight: 400;\">Red-Nosed significa \u201cde nariz vermelho\u201d e Reindeer quer dizer \u201crena\u201d.<\/span><\/p>\n<p><span style=\"font-weight: 400;\">Juntando, \u00e9 o que chamamos de \u201cRudolph, a rena do nariz vermelho\u201d!<\/span><\/p>\n<p><span style=\"font-weight: 400;\">Na verdade, essa famosa can\u00e7\u00e3o natalina surgiu de um conto de fadas.<\/span><\/p>\n<p><span style=\"font-weight: 400;\">Essa hist\u00f3ria foi criada por<\/span><span style=\"font-weight: 400;\">Robert L. May em<\/span><span style=\"font-weight: 400;\">1939.<\/span><\/p>\n<p><span style=\"font-weight: 400;\">Robert L. May trabalhava em uma empresa americana chamada Montgomery Ward, na \u00e1rea de cria\u00e7\u00e3o de an\u00fancios<\/span><span style=\"font-weight: 400;\">.<\/span><\/p>\n<p><span style=\"font-weight: 400;\">Todo Natal, a Montgomery Ward distribu\u00eda gratuitamente livros de colorir para o p\u00fablico. Mas, certa vez, eles decidiram imprimir um livro de hist\u00f3rias original<\/span><span style=\"font-weight: 400;\">.<\/span><\/p>\n<p><span style=\"font-weight: 400;\">Assim, Robert L. May, que era respons\u00e1vel pelos an\u00fancios, recebeu a grande miss\u00e3o de criar o conte\u00fado, e assim nasceu essa hist\u00f3ria<\/span><span style=\"font-weight: 400;\">.<\/span><\/p>\n<p>&nbsp;<\/p>\n<h2><b>Apresenta\u00e7\u00e3o da hist\u00f3ria de \u201cRudolph, a rena do nariz vermelho\u201d<\/b><\/h2>\n<p>&nbsp;<\/p>\n<p><span style=\"font-weight: 400;\">Geralmente se acredita que a obra Rudolph nasceu da uni\u00e3o dos valores que Robert L. May queria transmitir com a saudade de sua fam\u00edlia<\/span><span style=\"font-weight: 400;\">.<\/span><\/p>\n<p><span style=\"font-weight: 400;\">A seguir, vamos compartilhar mais da hist\u00f3ria por tr\u00e1s disso.<\/span><\/p>\n<p><span style=\"font-weight: 400;\">Este par\u00e1grafo \u00e9 para aprendizes de ingl\u00eas em n\u00edvel intermedi\u00e1rio ou superior, ent\u00e3o, detalhes do contexto ser\u00e3o apresentados tamb\u00e9m em ingl\u00eas.<\/span><\/p>\n<p>&nbsp;<\/p>\n<h3><b>1) A inspira\u00e7\u00e3o para a cria\u00e7\u00e3o de \u201cRudolph\u201d<\/b><\/h3>\n<p>&nbsp;<\/p>\n<p><span style=\"font-weight: 400;\">Robert L. May recebeu essa tarefa em<\/span><span style=\"font-weight: 400;\">1939, e no in\u00edcio daquele ano, sua esposa descobriu que estava com c\u00e2ncer, ent\u00e3o toda a fam\u00edlia estava passando por um per\u00edodo dif\u00edcil devido ao tratamento.<\/span><\/p>\n<p><span style=\"font-weight: 400;\">Vamos falar primeiro sobre o motivo de ele ter escolhido a rena como protagonista.<\/span><\/p>\n<p><span style=\"font-weight: 400;\">Na verdade, o cervo era um dos animais preferidos de sua filha. Para deixar a filha, que andava cabisbaixa preocupada com a doen\u00e7a da m\u00e3e, mais alegre,<\/span><span style=\"font-weight: 400;\">Robert<\/span><span style=\"font-weight: 400;\">decidiu escolher a rena como o personagem principal.<\/span><\/p>\n<p><span style=\"font-weight: 400;\">Al\u00e9m disso, renas t\u00eam uma rela\u00e7\u00e3o com o Natal, ent\u00e3o essa escolha foi natural.<\/span><\/p>\n<p><b>Robert&#8217;s wife had cancer. He started writing about reindeer when his wife&#8217;s medical condition began to get worse.<\/b><b><br \/>\n<\/b><span style=\"font-weight: 400;\">(A esposa de Robert tinha c\u00e2ncer. \u00c0 medida que a sa\u00fade dela piorava durante o tratamento, ele come\u00e7ou a criar essa hist\u00f3ria sobre renas)<\/span><\/p>\n<p>&nbsp;<\/p>\n<h3><b>2) Os sentimentos do autor presentes em \u201cRudolph\u201d<\/b><\/h3>\n<p>&nbsp;<\/p>\n<p><span style=\"font-weight: 400;\">Neste trecho, vamos falar sobre o enredo principal. Ou seja, Rudolph, que era diferente, frequentemente era zombado pelas outras renas \u2014 um detalhe com grande significado.<\/span><\/p>\n<p><span style=\"font-weight: 400;\">Robert era uma crian\u00e7a muito introvertida quando pequeno, ent\u00e3o ningu\u00e9m entendia melhor do que ele o sentimento de isolamento de Rudolph<\/span><span style=\"font-weight: 400;\">.<\/span><\/p>\n<p><span style=\"font-weight: 400;\">Podemos at\u00e9 imaginar que, enquanto descrevia Rudolph sendo intimidado e chorando escondido, ele pensava na esposa cada vez mais fraca pelo c\u00e2ncer\u00a0 em certo n\u00edvel, fazendo uma liga\u00e7\u00e3o emocional entre eles.<\/span><\/p>\n<p><span style=\"font-weight: 400;\">Ao entender as inten\u00e7\u00f5es do autor na cria\u00e7\u00e3o, essa can\u00e7\u00e3o de natal ganha um novo significado para voc\u00ea, n\u00e3o \u00e9 mesmo? \u00c9 mais que uma cantiga infantil, \u00e9 uma hist\u00f3ria cheia de sentimentos.<\/span><\/p>\n<p><b>As a child, Robert was a very shy and small boy, so he was a person who could understand Rudolph\u2019s feelings more than anyone.<\/b><b><br \/>\n<\/b><span style=\"font-weight: 400;\">(Quando crian\u00e7a, Robert era um menino t\u00edmido e franzino, por isso conseguia entender os sentimentos de Rudolph melhor do que qualquer um.)<\/span><\/p>\n<p>&nbsp;<\/p>\n<h3><b>3) O nascimento de \u201cRudolph\u201d, marcado pela perda do ente querido<\/b><\/h3>\n<p>&nbsp;<\/p>\n<p><span style=\"font-weight: 400;\">Em julho de 1939,<\/span><span style=\"font-weight: 400;\">a esposa de<\/span><span style=\"font-weight: 400;\">Robert faleceu. Na \u00e9poca,<\/span><span style=\"font-weight: 400;\">seu chefe pensou em passar a produ\u00e7\u00e3o do livro ilustrado para outro funcion\u00e1rio. Mesmo assim, Robert suportou a dor e insistiu em terminar a obra ele mesmo<\/span><span style=\"font-weight: 400;\">.<\/span><\/p>\n<p><span style=\"font-weight: 400;\">Assim, a hist\u00f3ria de Rudolph ficou pronta oficialmente em agosto daquele ano.<\/span><\/p>\n<p><span style=\"font-weight: 400;\">No final do ano, durante o feriado de Natal, gra\u00e7as \u00e0 distribui\u00e7\u00e3o dos livros ilustrados, o p\u00fablico teve o primeiro contato com a hist\u00f3ria do Rudolph.<\/span><\/p>\n<p><b>Although his boss tried to reassign the project to someone else, Robert insisted on finishing it himself.<\/b><b><br \/>\n<\/b><span style=\"font-weight: 400;\">(Apesar do chefe tentar passar o projeto para outra pessoa, Robert insistiu em termin\u00e1-lo por conta pr\u00f3pria.)<\/span><\/p>\n<p>&nbsp;<\/p>\n<h3><b>4) O grande sucesso do livro \u201cRudolph, a rena do nariz vermelho\u201d<\/b><\/h3>\n<p>&nbsp;<\/p>\n<p><span style=\"font-weight: 400;\">Depois do lan\u00e7amento do livro ilustrado, a sociedade respondeu calorosamente.<\/span><\/p>\n<p><span style=\"font-weight: 400;\">Apesar de ter sido inicialmente publicado apenas pela Montgomery Ward, em 1947 uma pequena editora de Nova York lan\u00e7ou uma nova vers\u00e3o, que logo entrou para a lista dos mais vendidos.<\/span><\/p>\n<p><b>Many people loved his work. After publishing the picture book, it became a best-seller in the US.<\/b><b><br \/>\n<\/b><span style=\"font-weight: 400;\">(Muitas pessoas gostaram da obra. Depois do lan\u00e7amento, o livro logo virou um best-seller nos EUA.)<\/span><\/p>\n<p>&nbsp;<\/p>\n<h2><b>De que pa\u00eds surgiu originalmente a can\u00e7\u00e3o \u201cRudolph, the red-nosed reindeer\u201d?<\/b><\/h2>\n<p>&nbsp;<\/p>\n<p><span style=\"font-weight: 400;\">Agora, vejamos como a hist\u00f3ria criada por<\/span><span style=\"font-weight: 400;\">Robert se transformou na famosa can\u00e7\u00e3o de Natal \u201cRudolph, the red-nosed reindeer\u201d?<\/span><\/p>\n<p><span style=\"font-weight: 400;\">E de que pa\u00eds veio a produ\u00e7\u00e3o musical?<\/span><\/p>\n<p><span style=\"font-weight: 400;\">Existe ainda mais hist\u00f3ria interessante nesse processo.<\/span><\/p>\n<p><span style=\"font-weight: 400;\">Depois que o livro ilustrado de Rudolph virou um best-seller, em 1948, no ano seguinte, um parente de Robert, Johny Marks, adaptou a hist\u00f3ria para m\u00fasica e ele mesmo comp\u00f4s a letra e melodia.<\/span><\/p>\n<p><span style=\"font-weight: 400;\">Em 1949, a can\u00e7\u00e3o foi lan\u00e7ada e virou um sucesso instant\u00e2neo.<\/span><\/p>\n<p><span style=\"font-weight: 400;\">Com essa m\u00fasica, a hist\u00f3ria de Rudolph atravessou fronteiras e se espalhou pelo mundo.<\/span><\/p>\n<p><span style=\"font-weight: 400;\">Depois disso, o desdobramento \u00e9 f\u00e1cil de imaginar: \u201cRudolph, the red-nosed reindeer\u201d tornou-se uma das m\u00fasicas representativas do Natal.<\/span><\/p>\n<p>&nbsp;<\/p>\n<h2><b>Letra da m\u00fasica \u201cRudolph, the red-nosed reindeer\u201d (ingl\u00eas e tradu\u00e7\u00e3o)<\/b><\/h2>\n<p>&nbsp;<\/p>\n<p><span style=\"font-weight: 400;\">Vamos ent\u00e3o conhecer melhor a letra da m\u00fasica \u201cRudolph, the red-nosed reindeer\u201d!<\/span><\/p>\n<p><span style=\"font-weight: 400;\">A seguir, a letra em ingl\u00eas ser\u00e1 apresentada junto com a tradu\u00e7\u00e3o para que todos possam apreciar a can\u00e7\u00e3o.<\/span><\/p>\n<p><span style=\"font-weight: 400;\">O ingl\u00eas utilizado \u00e9 simples, ent\u00e3o mesmo os iniciantes podem tentar entender.<\/span><\/p>\n<p><b><br \/>\n<\/b><b>Rudolph, the red-nosed reindeer<\/b><b><br \/>\n<\/b><span style=\"font-weight: 400;\">(Rudolph, a rena do nariz vermelho)<\/span><b><br \/>\n<\/b><b>had a very shiny nose<\/b><b><br \/>\n<\/b><span style=\"font-weight: 400;\">(Seu nariz brilhava muito)<\/span><b><br \/>\n<\/b><b>And if you ever saw it<\/b><b><br \/>\n<\/b><span style=\"font-weight: 400;\">(Se voc\u00ea o visse pessoalmente)<\/span><b><br \/>\n<\/b><b>You would even say it glows<\/b><b><br \/>\n<\/b><span style=\"font-weight: 400;\">(Voc\u00ea at\u00e9 diria que ele brilha)<\/span><\/p>\n<p>&nbsp;<\/p>\n<h2><b>\u201cRudolph\u201d \u00e9 um personagem internacional?<\/b><\/h2>\n<p>&nbsp;<\/p>\n<p><span style=\"font-weight: 400;\">Talvez voc\u00ea nunca tenha reparado, mas antes da can\u00e7\u00e3o principal existe uma introdu\u00e7\u00e3o, que vou compartilhar com voc\u00eas.<\/span><\/p>\n<p><b>You know Dasher and Dancer<\/b><b><br \/>\n<\/b><span style=\"font-weight: 400;\">Voc\u00ea com certeza conhece o<\/span><b>Dasher<\/b><span style=\"font-weight: 400;\"> e o <\/span><b>Dancer<\/b><\/p>\n<p><b>And Prancer and Vixen<\/b><b><br \/>\n<\/b><span style=\"font-weight: 400;\">Al\u00e9m do <\/span><b>Prancer<\/b><span style=\"font-weight: 400;\"> e <\/span><b>Vixen<\/b><\/p>\n<p><b>Comet and Cupid<\/b><b><br \/>\n<\/b><b>Comet<\/b><span style=\"font-weight: 400;\"> e <\/span><b>Cupid<\/b><\/p>\n<p><b>And Donner and Blitzen<\/b><b><br \/>\n<\/b><span style=\"font-weight: 400;\">E ainda o <\/span><b>Donner<\/b><span style=\"font-weight: 400;\"> e <\/span><b>Blitzen<\/b><\/p>\n<p><b>But do you recall<\/b><b><br \/>\n<\/b><span style=\"font-weight: 400;\">Mas voc\u00ea se lembra<\/span><\/p>\n<p><b>The most famous reindeer of all?<\/b><b><br \/>\n<\/b>Qual \u00e9 o nome da rena mais famosa de todas?<\/p>\n<p><span style=\"font-weight: 400;\">\u00c9 a primeira vez que voc\u00ea percebe que al\u00e9m de Rudolph, h\u00e1 outros renas que tamb\u00e9m t\u00eam nomes pr\u00f3prios?<\/span><\/p>\n<p><span style=\"font-weight: 400;\">Por que mencion\u00e1-los? Porque \u00e9 para apresentar o novo membro da turma, Rudolph.<\/span><\/p>\n<p><span style=\"font-weight: 400;\">Como mencionado antes, a hist\u00f3ria foi lan\u00e7ada pela primeira vez em 1939.<\/span><\/p>\n<p><span style=\"font-weight: 400;\">Mas bem antes, em 1823, j\u00e1 havia um artigo de jornal falando sobre os nomes das renas que puxavam o tren\u00f3 do Papai Noel.<\/span><\/p>\n<p><span style=\"font-weight: 400;\">Mais tarde, esse texto foi publicado em forma de livro ilustrado chamado\u00a0 &#8221;Twas the Night Before Christmas&#8221;\u00a0<strong> (Na Noite Antes do Natal)<\/strong>.<\/span><\/p>\n<p><span style=\"font-weight: 400;\">Esse livro n\u00e3o \u00e9 estranho para quem valoriza a tradi\u00e7\u00e3o natalina nos pa\u00edses ocidentais.<\/span><\/p>\n<p><span style=\"font-weight: 400;\">J\u00e1 aqui no Brasil, provavelmente s\u00f3 conhecemos o nome Rudolph das renas do Papai Noel!<\/span><\/p>\n<p><span style=\"font-weight: 400;\">Por isso, quero que saibam que na antiga cultura natalina, al\u00e9m de Rudolph, existem muitos detalhes e hist\u00f3rias para descobrir\u00a0 que tal come\u00e7ar conhecendo o nome das outras renas?<\/span><\/p>\n<p>&nbsp;<\/p>\n<h2><b>Neste Natal, cante \u201cRudolph, the red-nosed reindeer\u201d com a gente!<\/b><\/h2>\n<p>&nbsp;<\/p>\n<p><span style=\"font-weight: 400;\">Mesmo sendo apenas uma can\u00e7\u00e3o infantil, depois de ler este artigo voc\u00ea n\u00e3o acha fascinante saber toda a hist\u00f3ria por tr\u00e1s dela?<\/span><\/p>\n<p><span style=\"font-weight: 400;\">Agora voc\u00ea tamb\u00e9m sabe que a m\u00fasica<strong><span style=\"color: #ff0000;\"> \u201cRudolph the Red-Nosed Reindeer\u201d<\/span><\/strong> come\u00e7a apresentando os outros companheiros de Rudolph e que ele era o novo integrante da turma do tren\u00f3!<\/span><\/p>\n<p><span style=\"font-weight: 400;\">Que tal cantar da pr\u00f3xima vez que ouvir essa melodia t\u00e3o conhecida, \u201cRudolph, the red-nosed reindeer\u201d?<\/span><\/p>\n<p><span style=\"font-weight: 400;\">Enquanto canta e aprende o ingl\u00eas das letras, quem sabe voc\u00ea tamb\u00e9m vai se lembrar da emocionante hist\u00f3ria de Robert L. May?<\/span><\/p>\n","protected":false},"excerpt":{"rendered":"<p>Provavelmente todos j\u00e1 ouviram a cl\u00e1ssica can\u00e7\u00e3o de Natal\u00a0 \u201cRudolph, the red-nosed reindeer\u201d, certo? Mas voc\u00ea sabia que ela foi adaptada de uma hist\u00f3ria? Al\u00e9m disso, ela n\u00e3o \u00e9 apenas uma can\u00e7\u00e3o festiva, h\u00e1 muito mais por tr\u00e1s dela. Neste artigo, vamos aprofundar na origem da can\u00e7\u00e3o \u201cRudolph, the red-nosed reindeer\u201d. Essas informa\u00e7\u00f5es n\u00e3o s\u00f3 podem ser compartilhadas com as crian\u00e7as, mas tamb\u00e9m v\u00e3o te emocionar ainda mais na pr\u00f3xima vez que ouvir ou cantar essa m\u00fasica. Ent\u00e3o, vamos conhecer juntos a hist\u00f3ria do\u00a0 \u00a0\u201cRena do nariz vermelho\u201d! &nbsp; Como se diz \u201cRudolph, a Rena do Nariz Vermelho\u201d em ingl\u00eas? &nbsp; O nome original em ingl\u00eas deRudolph, a Rena do &hellip; <a href=\"https:\/\/nativecamp.net\/pt-br\/blog\/13695\/\">Continue reading <span class=\"meta-nav\">&rarr;<\/span><\/a><\/p>\n","protected":false},"author":5,"featured_media":13703,"comment_status":"open","ping_status":"open","sticky":false,"template":"","format":"standard","meta":{"_monsterinsights_skip_tracking":false,"_monsterinsights_sitenote_active":false,"_monsterinsights_sitenote_note":"","_monsterinsights_sitenote_category":0,"_locale":"pt_BR","_original_post":"https:\/\/nativecamp.net\/pt-br\/blog\/?p=13695","footnotes":""},"categories":[126,129,125],"tags":[],"class_list":["post-13695","post","type-post","status-publish","format-standard","has-post-thumbnail","hentry","category-daily","category-children","category-practice","pt-BR"],"aioseo_notices":[],"views":436,"_links":{"self":[{"href":"https:\/\/nativecamp.net\/pt-br\/blog\/wp-json\/wp\/v2\/posts\/13695","targetHints":{"allow":["GET"]}}],"collection":[{"href":"https:\/\/nativecamp.net\/pt-br\/blog\/wp-json\/wp\/v2\/posts"}],"about":[{"href":"https:\/\/nativecamp.net\/pt-br\/blog\/wp-json\/wp\/v2\/types\/post"}],"author":[{"embeddable":true,"href":"https:\/\/nativecamp.net\/pt-br\/blog\/wp-json\/wp\/v2\/users\/5"}],"replies":[{"embeddable":true,"href":"https:\/\/nativecamp.net\/pt-br\/blog\/wp-json\/wp\/v2\/comments?post=13695"}],"version-history":[{"count":1,"href":"https:\/\/nativecamp.net\/pt-br\/blog\/wp-json\/wp\/v2\/posts\/13695\/revisions"}],"predecessor-version":[{"id":13697,"href":"https:\/\/nativecamp.net\/pt-br\/blog\/wp-json\/wp\/v2\/posts\/13695\/revisions\/13697"}],"wp:featuredmedia":[{"embeddable":true,"href":"https:\/\/nativecamp.net\/pt-br\/blog\/wp-json\/wp\/v2\/media\/13703"}],"wp:attachment":[{"href":"https:\/\/nativecamp.net\/pt-br\/blog\/wp-json\/wp\/v2\/media?parent=13695"}],"wp:term":[{"taxonomy":"category","embeddable":true,"href":"https:\/\/nativecamp.net\/pt-br\/blog\/wp-json\/wp\/v2\/categories?post=13695"},{"taxonomy":"post_tag","embeddable":true,"href":"https:\/\/nativecamp.net\/pt-br\/blog\/wp-json\/wp\/v2\/tags?post=13695"}],"curies":[{"name":"wp","href":"https:\/\/api.w.org\/{rel}","templated":true}]}}